{"id":1666,"date":"2026-01-26T14:12:00","date_gmt":"2026-01-26T13:12:00","guid":{"rendered":"https:\/\/ecoletrezien-plouarzel.com\/?p=1666"},"modified":"2026-01-26T14:12:00","modified_gmt":"2026-01-26T13:12:00","slug":"animation-a-la-mediatheque","status":"publish","type":"post","link":"https:\/\/ecoletrezien-plouarzel.com\/index.php\/2026\/01\/26\/animation-a-la-mediatheque\/","title":{"rendered":"Animation \u00e0 la m\u00e9diath\u00e8que"},"content":{"rendered":"\n<p>La m\u00e9diath\u00e8que de Plouarzel nous a accueillis avant les vacances pour une animation de No\u00ebl : livres lus avec des marottes, des accessoires, des chants et du th\u00e9\u00e2tre ! Moment magique pour les enfants !<\/p>\n\n\n\n<figure class=\"wp-block-image size-large\"><img loading=\"lazy\" decoding=\"async\" width=\"1024\" height=\"747\" src=\"https:\/\/ecoletrezien-plouarzel.com\/wp-content\/uploads\/2026\/01\/Mediatheque-2-1024x747.jpeg\" alt=\"\" class=\"wp-image-1668\" srcset=\"https:\/\/ecoletrezien-plouarzel.com\/wp-content\/uploads\/2026\/01\/Mediatheque-2-1024x747.jpeg 1024w, https:\/\/ecoletrezien-plouarzel.com\/wp-content\/uploads\/2026\/01\/Mediatheque-2-300x219.jpeg 300w, https:\/\/ecoletrezien-plouarzel.com\/wp-content\/uploads\/2026\/01\/Mediatheque-2-768x561.jpeg 768w, https:\/\/ecoletrezien-plouarzel.com\/wp-content\/uploads\/2026\/01\/Mediatheque-2.jpeg 1148w\" sizes=\"auto, (max-width: 709px) 85vw, (max-width: 909px) 67vw, (max-width: 1362px) 62vw, 840px\" \/><\/figure>\n\n\n\n<figure class=\"wp-block-image size-large\"><img loading=\"lazy\" decoding=\"async\" width=\"1024\" height=\"684\" src=\"https:\/\/ecoletrezien-plouarzel.com\/wp-content\/uploads\/2026\/01\/Mediatheque-3-1024x684.jpeg\" alt=\"\" class=\"wp-image-1669\" srcset=\"https:\/\/ecoletrezien-plouarzel.com\/wp-content\/uploads\/2026\/01\/Mediatheque-3-1024x684.jpeg 1024w, https:\/\/ecoletrezien-plouarzel.com\/wp-content\/uploads\/2026\/01\/Mediatheque-3-300x200.jpeg 300w, https:\/\/ecoletrezien-plouarzel.com\/wp-content\/uploads\/2026\/01\/Mediatheque-3-768x513.jpeg 768w, https:\/\/ecoletrezien-plouarzel.com\/wp-content\/uploads\/2026\/01\/Mediatheque-3-1200x802.jpeg 1200w, https:\/\/ecoletrezien-plouarzel.com\/wp-content\/uploads\/2026\/01\/Mediatheque-3.jpeg 1229w\" sizes=\"auto, (max-width: 709px) 85vw, (max-width: 909px) 67vw, (max-width: 1362px) 62vw, 840px\" \/><\/figure>\n","protected":false},"excerpt":{"rendered":"<p>La m\u00e9diath\u00e8que de Plouarzel nous a accueillis avant les vacances pour une animation de No\u00ebl : livres lus avec des marottes, des accessoires, des chants et du th\u00e9\u00e2tre ! Moment magique pour les enfants !<\/p>\n","protected":false},"author":1,"featured_media":0,"comment_status":"open","ping_status":"open","sticky":false,"template":"","format":"standard","meta":{"footnotes":""},"categories":[19],"tags":[],"class_list":["post-1666","post","type-post","status-publish","format-standard","hentry","category-classe-maternelle-bilingue"],"_links":{"self":[{"href":"https:\/\/ecoletrezien-plouarzel.com\/index.php\/wp-json\/wp\/v2\/posts\/1666","targetHints":{"allow":["GET"]}}],"collection":[{"href":"https:\/\/ecoletrezien-plouarzel.com\/index.php\/wp-json\/wp\/v2\/posts"}],"about":[{"href":"https:\/\/ecoletrezien-plouarzel.com\/index.php\/wp-json\/wp\/v2\/types\/post"}],"author":[{"embeddable":true,"href":"https:\/\/ecoletrezien-plouarzel.com\/index.php\/wp-json\/wp\/v2\/users\/1"}],"replies":[{"embeddable":true,"href":"https:\/\/ecoletrezien-plouarzel.com\/index.php\/wp-json\/wp\/v2\/comments?post=1666"}],"version-history":[{"count":1,"href":"https:\/\/ecoletrezien-plouarzel.com\/index.php\/wp-json\/wp\/v2\/posts\/1666\/revisions"}],"predecessor-version":[{"id":1670,"href":"https:\/\/ecoletrezien-plouarzel.com\/index.php\/wp-json\/wp\/v2\/posts\/1666\/revisions\/1670"}],"wp:attachment":[{"href":"https:\/\/ecoletrezien-plouarzel.com\/index.php\/wp-json\/wp\/v2\/media?parent=1666"}],"wp:term":[{"taxonomy":"category","embeddable":true,"href":"https:\/\/ecoletrezien-plouarzel.com\/index.php\/wp-json\/wp\/v2\/categories?post=1666"},{"taxonomy":"post_tag","embeddable":true,"href":"https:\/\/ecoletrezien-plouarzel.com\/index.php\/wp-json\/wp\/v2\/tags?post=1666"}],"curies":[{"name":"wp","href":"https:\/\/api.w.org\/{rel}","templated":true}]}}